{"id":2572,"date":"2021-04-29T13:39:19","date_gmt":"2021-04-29T10:39:19","guid":{"rendered":"https:\/\/huvikoolideliit.ee\/?p=2572"},"modified":"2021-04-30T04:25:12","modified_gmt":"2021-04-30T01:25:12","slug":"noortevaldkonna-organisatsioonide-avalik-poordumine-peaminister-kaja-kallase-ja-minister-liina-kersna-poole","status":"publish","type":"post","link":"https:\/\/huvikoolideliit.ee\/ru\/noortevaldkonna-organisatsioonide-avalik-poordumine-peaminister-kaja-kallase-ja-minister-liina-kersna-poole\/","title":{"rendered":"Noortevaldkonna organisatsioonide avalik p\u00f6\u00f6rdumine peaminister Kaja Kallase ja minister Liina Kersna poole"},"content":{"rendered":"<div data-elementor-type=\"wp-post\" data-elementor-id=\"2572\" class=\"elementor elementor-2572\" data-elementor-settings=\"{&quot;ha_cmc_init_switcher&quot;:&quot;no&quot;}\">\n\t\t\t\t\t\t<section class=\"elementor-section elementor-top-section elementor-element elementor-element-53a59ef elementor-section-full_width elementor-section-stretched elementor-section-height-default elementor-section-height-default\" data-id=\"53a59ef\" data-element_type=\"section\" data-e-type=\"section\" data-settings=\"{&quot;background_background&quot;:&quot;classic&quot;,&quot;stretch_section&quot;:&quot;section-stretched&quot;,&quot;_ha_eqh_enable&quot;:false}\">\n\t\t\t\t\t\t\t<div class=\"elementor-background-overlay\"><\/div>\n\t\t\t\t\t\t\t<div class=\"elementor-container elementor-column-gap-default\">\n\t\t\t\t\t<div class=\"elementor-column elementor-col-100 elementor-top-column elementor-element elementor-element-6620a5f\" data-id=\"6620a5f\" data-element_type=\"column\" data-e-type=\"column\">\n\t\t\t<div class=\"elementor-widget-wrap elementor-element-populated\">\n\t\t\t\t\t\t<div class=\"elementor-element elementor-element-c357e2d elementor-widget-divider--view-line elementor-widget elementor-widget-divider\" data-id=\"c357e2d\" data-element_type=\"widget\" data-e-type=\"widget\" data-widget_type=\"divider.default\">\n\t\t\t\t<div class=\"elementor-widget-container\">\n\t\t\t\t\t\t\t<div class=\"elementor-divider\">\n\t\t\t<span class=\"elementor-divider-separator\">\n\t\t\t\t\t\t<\/span>\n\t\t<\/div>\n\t\t\t\t\t\t<\/div>\n\t\t\t\t<\/div>\n\t\t\t\t<div class=\"elementor-element elementor-element-c3e4ff9 elementor-widget elementor-widget-heading\" data-id=\"c3e4ff9\" data-element_type=\"widget\" data-e-type=\"widget\" data-widget_type=\"heading.default\">\n\t\t\t\t<div class=\"elementor-widget-container\">\n\t\t\t\t\t<h1 class=\"elementor-heading-title elementor-size-default\">Noortevaldkonna organisatsioonide avalik p\u00f6\u00f6rdumine peaminister Kaja Kallase ja minister Liina Kersna poole<\/h1>\t\t\t\t<\/div>\n\t\t\t\t<\/div>\n\t\t\t\t<div class=\"elementor-element elementor-element-fe91839 elementor-widget-divider--view-line elementor-widget elementor-widget-divider\" data-id=\"fe91839\" data-element_type=\"widget\" data-e-type=\"widget\" data-widget_type=\"divider.default\">\n\t\t\t\t<div class=\"elementor-widget-container\">\n\t\t\t\t\t\t\t<div class=\"elementor-divider\">\n\t\t\t<span class=\"elementor-divider-separator\">\n\t\t\t\t\t\t<\/span>\n\t\t<\/div>\n\t\t\t\t\t\t<\/div>\n\t\t\t\t<\/div>\n\t\t\t\t\t<\/div>\n\t\t<\/div>\n\t\t\t\t\t<\/div>\n\t\t<\/section>\n\t\t\t\t<section class=\"elementor-section elementor-top-section elementor-element elementor-element-d544eb4 elementor-section-boxed elementor-section-height-default elementor-section-height-default\" data-id=\"d544eb4\" data-element_type=\"section\" data-e-type=\"section\" data-settings=\"{&quot;_ha_eqh_enable&quot;:false}\">\n\t\t\t\t\t\t<div class=\"elementor-container elementor-column-gap-default\">\n\t\t\t\t\t<div class=\"elementor-column elementor-col-100 elementor-top-column elementor-element elementor-element-c1a1599\" data-id=\"c1a1599\" data-element_type=\"column\" data-e-type=\"column\">\n\t\t\t<div class=\"elementor-widget-wrap elementor-element-populated\">\n\t\t\t\t\t\t<div class=\"elementor-element elementor-element-ced069b elementor-widget elementor-widget-text-editor\" data-id=\"ced069b\" data-element_type=\"widget\" data-e-type=\"widget\" data-widget_type=\"text-editor.default\">\n\t\t\t\t<div class=\"elementor-widget-container\">\n\t\t\t\t\t\t\t\t\t<h2>Noortevaldkonna organisatsioonide avalik p\u00f6\u00f6rdumine peaminister Kaja Kallase ja minister Liina Kersna poole<\/h2><p>Lugupeetud peaminister, lugupeetud haridus- ja teadusminister<\/p><p>28. aprillil saime noortevaldkonna katusorganisatsioonide esindajatena lugeda uudist (<a href=\"https:\/\/www.postimees.ee\/7235132\/riigi-karpekrokodill-laheb-laste-huvitegevuse-kallale\" target=\"_blank\" rel=\"noopener\">https:\/\/www.postimees.ee\/7235132\/riigi-karpekrokodill-laheb-laste-huvitegevuse-kallale<\/a>) haridusministeeriumi otsusest v\u00e4hendada omavalitsustele jagatavat huvihariduse ja huvitegevuse toetust j\u00e4rgmisest aastast poole v\u00f5rra. Seda olukorras, kus \u00fclemaailmsest pandeemiast tingituna on noorte igap\u00e4evaelu stressirohke ning kus tulevik v\u00f5ib tunduda nii m\u00f5negi noore jaoks perspektiivitu. Viimasel ajal n\u00e4eme ja v\u00f5ime sageli lugeda noorte vaimse tervise probleemidest, sh suitsiididest, mida on p\u00f5hjustanud v\u00f5i v\u00f5imendanud Covid-19 tingitud olukord. Praegu on kriitilise t\u00e4htsusega, et noorte jaoks oluline tugiv\u00f5rgustik ning tegevused s\u00e4iliksid v\u00e4hemalt senisel moel.<\/p><p>Noortevaldkonna esindajatena ei saa me haridusministeeriumi otsusega, v\u00f5tta noortelt ja anda \u00f5petajatele, n\u00f5ustuda. M\u00f5istame, et riigina tuleb \u00fclemaailmsest tervishoiukriisist v\u00e4ljumiseks leida lahendusi, kuid seda pole \u00f5ige teha noorte tervise ja hariduslike tegevuste arvelt. Kindlasti on olnud viimase aasta \u00fcheks suurimaks haridusvaldkonna v\u00e4ljakutseks see, kuidas tagada \u00f5pilastele ja ka \u00f5petajatele v\u00f5imalikult j\u00e4tkusuutlikud ja tavap\u00e4rased tingimused \u00f5ppekavade l\u00e4bimiseks. Formaalharidus on aga vaid \u00fcks osa laste ja noorte igap\u00e4evaelust ning alahinnata ei saa ka v\u00e4ljaspool kooli toimuva noorsoot\u00f6\u00f6, huvihariduse ja -tegevuse t\u00e4htsust noore arengu ja heaolu toetamisel.<\/p><p>Paljude noorte jaoks on just v\u00e4ljaspool kooli toimuvad tegevused eneseteostuse kohaks, kus noor kogeb \u00f5nnestumisi, v\u00f5imestavaid suhteid nii omaealiste kui ka t\u00e4iskasvanutega, kes v\u00f5ivad vahel esimeste inimestena m\u00e4rgata noorte vaimse tervise muresid. Kindlasti ei tohi alahinnata noorsoot\u00f6\u00f6s, huvitegevuses ja -hariduses osalemise m\u00f5ju ka noorte riskik\u00e4itumise ja antisotsiaalsuse ennetamisel v\u00f5i sellest v\u00e4ljumise toetamisel. V\u00e4hendades selliseid toetusmeetmeid ja -v\u00f5imalusi, seisame t\u00f5en\u00e4oliselt peagi silmitsi olukorraga, kus haridusvaldkond peab leidma v\u00f5imalusi taoliste tagaj\u00e4rgedega tegelemiseks. Tagaj\u00e4rgedega tegelemine on aga alati kulukam kui ennetus.<\/p><p>\u00dcle aasta on noortevaldkonnas tegutsevad inimesed t\u00f6\u00f6tanud selle nimel, et noortele tagada v\u00f5imalikult tavap\u00e4rane elu ja mitmek\u00fclgsed v\u00f5imalused olukorras, mis pole kaugeltki olnud tavap\u00e4rane. Meid on motiveerinud ja innustanud noored, kelle heaks me t\u00f6\u00f6tame ja kelle heaolu ja arengut oleme toetanud piirangutest tingitud v\u00f5imaluste piires. T\u00e4nane otsus ei m\u00f5juta mitte ainult noorte tervist ja heaolu, vaid ka noorsoot\u00f6\u00f6s, huvihariduses ja -tegevuses tegutsevate spetsialiste tervist ja heaolu. K\u00f5nealuse poliitilise otsusega on tekitatud olukord, kus \u00fche k\u00e4ega v\u00f5etakse ja teisega antakse ning \u00fcldhariduskoolide \u00f5petajaid vastandatakse huvihariduse \u00f5petajatele ja noorsoot\u00f6\u00f6tajatele, kes on k\u00f5ik teinud kriisi ajal s\u00fcdamega \u00fcletunnit\u00f6\u00f6d ja seda oma aja ning tervise arvelt (n\u00e4iteks ei kuulu huvihariduse \u00f5petajad, noorsoot\u00f6\u00f6tajad jt vaktsineerimisel eesliini t\u00f6\u00f6tajate hulka). Suunates huviharidusele m\u00f5eldud eelarve \u00f5petajate 3%-lisele palgat\u00f5usule, suureneb taas palgaline ebav\u00f5rdsus, mis soosib ikka ja j\u00e4lle formaalhariduse edendajaid. Samuti vastandab vastuv\u00f5etud otsus ka mitteformaalhariduse ja formaalhariduse edendajaid, kelle t\u00f6\u00f6l on \u00fcks ja sama eesm\u00e4rk \u2013 toetada noore j\u00e4tkusuutlikku ning mitmek\u00fclgset arengut.<\/p><p>Lugupeetud peaminister, lugupeetud haridus- ja teadusminister, noortevaldkonna katusorganisatsioonide esindajatena palume, et huvihariduse ja huvitegevuse toetuse v\u00e4hendamise asemel leitaks muud v\u00f5imalused riigieelarve v\u00e4ljakutsete lahendamiseks. Pandeemia t\u00f5elised tagaj\u00e4rjed meie rahvale ja noortele avalduvad alles j\u00e4rgmistel aastatel, seega peavad noortega t\u00f6\u00f6tavatel inimestel olema k\u00f5ik ressursid, et anda oma maksimaalne panus noorte heaolu toetamiseks.<\/p><p>Eesti Avatud Noortekeskuste \u00dchendus<br \/>Eesti Erahuvialakoolide Liit<br \/>Eesti Harrastusteatrite Liit<br \/>\u0421\u041e\u042e\u0417 \u0428\u041a\u041e\u041b \u041f\u041e \u0418\u041d\u0422\u0415\u0420\u0415\u0421\u0410\u041c<br \/>Eesti Kunstikoolide Liit<br \/>Eesti Muusikakoolide Liit<br \/>Eesti Noorsoot\u00f6\u00f6tajate Kogu<br \/>Eesti Noorte\u00fchenduste Liit<br \/>Eesti Tantsuhuvihariduse Liit<br \/>Eesti Teadushuvihariduse Liit<\/p><p>\u00a0<\/p><p>\u00a0<\/p>\t\t\t\t\t\t\t\t<\/div>\n\t\t\t\t<\/div>\n\t\t\t\t\t<\/div>\n\t\t<\/div>\n\t\t\t\t\t<\/div>\n\t\t<\/section>\n\t\t\t\t<section class=\"elementor-section elementor-top-section elementor-element elementor-element-1703acc elementor-section-full_width elementor-section-stretched elementor-section-height-default elementor-section-height-default\" data-id=\"1703acc\" data-element_type=\"section\" data-e-type=\"section\" data-settings=\"{&quot;stretch_section&quot;:&quot;section-stretched&quot;,&quot;_ha_eqh_enable&quot;:false}\">\n\t\t\t\t\t\t<div class=\"elementor-container elementor-column-gap-default\">\n\t\t\t\t\t<div class=\"elementor-column elementor-col-100 elementor-top-column elementor-element elementor-element-a14c8a3\" data-id=\"a14c8a3\" data-element_type=\"column\" data-e-type=\"column\">\n\t\t\t<div class=\"elementor-widget-wrap\">\n\t\t\t\t\t\t\t<\/div>\n\t\t<\/div>\n\t\t\t\t\t<\/div>\n\t\t<\/section>\n\t\t\t\t<\/div>","protected":false},"excerpt":{"rendered":"<p>Noortevaldkonna esindajatena ei saa me haridusministeeriumi otsusega, v\u00f5tta noortelt ja anda \u00f5petajatele, n\u00f5ustuda. M\u00f5istame, et riigina tuleb \u00fclemaailmsest tervishoiukriisist v\u00e4ljumiseks leida lahendusi, kuid seda pole \u00f5ige teha noorte tervise ja hariduslike tegevuste arvelt. Kindlasti on olnud viimase aasta \u00fcheks suurimaks haridusvaldkonna v\u00e4ljakutseks see, kuidas tagada \u00f5pilastele ja ka \u00f5petajatele v\u00f5imalikult j\u00e4tkusuutlikud ja tavap\u00e4rased tingimused \u00f5ppekavade l\u00e4bimiseks. <\/p>","protected":false},"author":3,"featured_media":2573,"comment_status":"closed","ping_status":"open","sticky":false,"template":"","format":"standard","meta":{"_uag_custom_page_level_css":"","_exactmetrics_skip_tracking":false,"_exactmetrics_sitenote_active":false,"_exactmetrics_sitenote_note":"","_exactmetrics_sitenote_category":0,"neve_meta_sidebar":"","neve_meta_container":"","neve_meta_enable_content_width":"","neve_meta_content_width":0,"neve_meta_title_alignment":"","neve_meta_author_avatar":"","neve_post_elements_order":"","neve_meta_disable_header":"","neve_meta_disable_footer":"","neve_meta_disable_title":"","footnotes":""},"categories":[16,4],"tags":[80,37,89,85,88,87,86,21],"class_list":["post-2572","post","type-post","status-publish","format-standard","has-post-thumbnail","hentry","category-informatsioon-aruanded-statistika","category-koostoo","tag-avalik-poordumine","tag-huviharidus","tag-katusorganisatsioonid","tag-minister","tag-noortevaldkond","tag-noortevaldkonna-organisatsioonid","tag-peaminister","tag-toetused"],"uagb_featured_image_src":{"full":["https:\/\/huvikoolideliit.ee\/wp-content\/uploads\/2021\/04\/Noortevaldkonna-organisatsioonide-avalik-poordumine-peaminister-Kaja-Kallase-ja-minister-Liina-Kersna-poole.jpg",1280,854,false],"thumbnail":["https:\/\/huvikoolideliit.ee\/wp-content\/uploads\/2021\/04\/Noortevaldkonna-organisatsioonide-avalik-poordumine-peaminister-Kaja-Kallase-ja-minister-Liina-Kersna-poole-150x150.jpg",150,150,true],"medium":["https:\/\/huvikoolideliit.ee\/wp-content\/uploads\/2021\/04\/Noortevaldkonna-organisatsioonide-avalik-poordumine-peaminister-Kaja-Kallase-ja-minister-Liina-Kersna-poole-300x200.jpg",300,200,true],"medium_large":["https:\/\/huvikoolideliit.ee\/wp-content\/uploads\/2021\/04\/Noortevaldkonna-organisatsioonide-avalik-poordumine-peaminister-Kaja-Kallase-ja-minister-Liina-Kersna-poole.jpg",768,512,false],"large":["https:\/\/huvikoolideliit.ee\/wp-content\/uploads\/2021\/04\/Noortevaldkonna-organisatsioonide-avalik-poordumine-peaminister-Kaja-Kallase-ja-minister-Liina-Kersna-poole-1200x801.jpg",1200,801,true],"1536x1536":["https:\/\/huvikoolideliit.ee\/wp-content\/uploads\/2021\/04\/Noortevaldkonna-organisatsioonide-avalik-poordumine-peaminister-Kaja-Kallase-ja-minister-Liina-Kersna-poole.jpg",1280,854,false],"2048x2048":["https:\/\/huvikoolideliit.ee\/wp-content\/uploads\/2021\/04\/Noortevaldkonna-organisatsioonide-avalik-poordumine-peaminister-Kaja-Kallase-ja-minister-Liina-Kersna-poole.jpg",1280,854,false],"trp-custom-language-flag":["https:\/\/huvikoolideliit.ee\/wp-content\/uploads\/2021\/04\/Noortevaldkonna-organisatsioonide-avalik-poordumine-peaminister-Kaja-Kallase-ja-minister-Liina-Kersna-poole-16x12.jpg",16,12,true],"neve-blog":["https:\/\/huvikoolideliit.ee\/wp-content\/uploads\/2021\/04\/Noortevaldkonna-organisatsioonide-avalik-poordumine-peaminister-Kaja-Kallase-ja-minister-Liina-Kersna-poole-930x620.jpg",930,620,true],"_nx_notification_thumb_100_100":["https:\/\/huvikoolideliit.ee\/wp-content\/uploads\/2021\/04\/Noortevaldkonna-organisatsioonide-avalik-poordumine-peaminister-Kaja-Kallase-ja-minister-Liina-Kersna-poole.jpg",100,67,false],"_nx_notification_thumb_200_200":["https:\/\/huvikoolideliit.ee\/wp-content\/uploads\/2021\/04\/Noortevaldkonna-organisatsioonide-avalik-poordumine-peaminister-Kaja-Kallase-ja-minister-Liina-Kersna-poole.jpg",200,133,false],"_nx_notification_thumb_300_300":["https:\/\/huvikoolideliit.ee\/wp-content\/uploads\/2021\/04\/Noortevaldkonna-organisatsioonide-avalik-poordumine-peaminister-Kaja-Kallase-ja-minister-Liina-Kersna-poole.jpg",300,200,false],"_nx_notification_thumb_400_400":["https:\/\/huvikoolideliit.ee\/wp-content\/uploads\/2021\/04\/Noortevaldkonna-organisatsioonide-avalik-poordumine-peaminister-Kaja-Kallase-ja-minister-Liina-Kersna-poole.jpg",400,267,false],"_nx_notification_thumb_500_500":["https:\/\/huvikoolideliit.ee\/wp-content\/uploads\/2021\/04\/Noortevaldkonna-organisatsioonide-avalik-poordumine-peaminister-Kaja-Kallase-ja-minister-Liina-Kersna-poole.jpg",500,334,false]},"uagb_author_info":{"display_name":"Strat","author_link":"https:\/\/huvikoolideliit.ee\/ru\/author\/evelyn\/"},"uagb_comment_info":0,"uagb_excerpt":"Noortevaldkonna esindajatena ei saa me haridusministeeriumi otsusega, v\u00f5tta noortelt ja anda \u00f5petajatele, n\u00f5ustuda. M\u00f5istame, et riigina tuleb \u00fclemaailmsest tervishoiukriisist v\u00e4ljumiseks leida lahendusi, kuid seda pole \u00f5ige teha noorte tervise ja hariduslike tegevuste arvelt. Kindlasti on olnud viimase aasta \u00fcheks suurimaks haridusvaldkonna v\u00e4ljakutseks see, kuidas tagada \u00f5pilastele ja ka \u00f5petajatele v\u00f5imalikult j\u00e4tkusuutlikud ja tavap\u00e4rased tingimused \u00f5ppekavade&hellip;","_links":{"self":[{"href":"https:\/\/huvikoolideliit.ee\/ru\/wp-json\/wp\/v2\/posts\/2572","targetHints":{"allow":["GET"]}}],"collection":[{"href":"https:\/\/huvikoolideliit.ee\/ru\/wp-json\/wp\/v2\/posts"}],"about":[{"href":"https:\/\/huvikoolideliit.ee\/ru\/wp-json\/wp\/v2\/types\/post"}],"author":[{"embeddable":true,"href":"https:\/\/huvikoolideliit.ee\/ru\/wp-json\/wp\/v2\/users\/3"}],"replies":[{"embeddable":true,"href":"https:\/\/huvikoolideliit.ee\/ru\/wp-json\/wp\/v2\/comments?post=2572"}],"version-history":[{"count":19,"href":"https:\/\/huvikoolideliit.ee\/ru\/wp-json\/wp\/v2\/posts\/2572\/revisions"}],"predecessor-version":[{"id":2610,"href":"https:\/\/huvikoolideliit.ee\/ru\/wp-json\/wp\/v2\/posts\/2572\/revisions\/2610"}],"wp:featuredmedia":[{"embeddable":true,"href":"https:\/\/huvikoolideliit.ee\/ru\/wp-json\/wp\/v2\/media\/2573"}],"wp:attachment":[{"href":"https:\/\/huvikoolideliit.ee\/ru\/wp-json\/wp\/v2\/media?parent=2572"}],"wp:term":[{"taxonomy":"category","embeddable":true,"href":"https:\/\/huvikoolideliit.ee\/ru\/wp-json\/wp\/v2\/categories?post=2572"},{"taxonomy":"post_tag","embeddable":true,"href":"https:\/\/huvikoolideliit.ee\/ru\/wp-json\/wp\/v2\/tags?post=2572"}],"curies":[{"name":"wp","href":"https:\/\/api.w.org\/{rel}","templated":true}]}}